{"id":387,"date":"2020-04-23T11:11:00","date_gmt":"2020-04-23T09:11:00","guid":{"rendered":"http:\/\/pixleen.com\/blog-dessin\/?p=387"},"modified":"2025-12-10T09:29:53","modified_gmt":"2025-12-10T08:29:53","slug":"araignee-au-plafond","status":"publish","type":"post","link":"https:\/\/pixleen.com\/blog-dessin\/araignee-au-plafond\/bestiaire-dessin-poesie\/","title":{"rendered":"Une araign\u00e9e au plafond"},"content":{"rendered":"\n<h2 class=\"wp-block-heading\"><em>Confusions arachno\u00efdiennes<\/em><\/h2>\n\n\n\n<p>J&rsquo;aurais aim\u00e9 \u00eatre une <a href=\"https:\/\/www.pixelenvrac.com\/blog-photo\/araignee-missionnaire\/photomontage\/\" target=\"_blank\" rel=\"noreferrer noopener\">araign\u00e9e de mer<\/a>, c\u00f4toyer les <a href=\"https:\/\/www.pixleen.com\/ty-pouet\/zoo-tourteau.php\">tourteaux<\/a>, les poulpes et les homards, voir nager les coquilles Saint-Jacques, coiffer les an\u00e9mones et me pelotonner dans un lit d&rsquo;algues ondulantes.<\/p>\n\n\n\n<p>Au lieu de \u00e7a, j&rsquo;ai des <a href=\"https:\/\/www.pixleen.com\/ty-pouet\/zoo-chat.php\">poutres<\/a> comme rochers, un \u0153il-de-b\u0153uf comme hublot, un <a href=\"https:\/\/www.pixleen.com\/ty-pouet\/grenier-poetique.php\">grenier<\/a> comme crique, des <a href=\"https:\/\/www.pixleen.com\/ty-pouet\/zoo-chauve-elephant.php\">chauves-souris<\/a> comme <a href=\"https:\/\/www.pixleen.com\/ty-pouet\/bibliotheque.php\">hippocampes<\/a> et pour principale activit\u00e9 une toile \u00e0 tisser comme on lit un missel\u2026<\/p>\n\n\n\n<p>\u00c0 travers ma lucarne, je cherche dans la vo\u00fbte c\u00e9leste l&rsquo;\u00e9toile de mer qui saura me guider jusqu&rsquo;\u00e0 la cr\u00e8che abyssale o\u00f9 vient de na\u00eetre, dit-on, un bigorneau salvateur.<\/p>\n\n\n\n<p>A ce stade, la faucheuse, ma voisine, me dit qu&rsquo;il faut que j&rsquo;aille vraiment consulter !<\/p>\n\n\n\n<p>Mais, m\u00e9cr\u00e9ante, a-t-elle elle-m\u00eame toute sa raison ?<\/p>\n","protected":false},"excerpt":{"rendered":"<p>J&rsquo;aurais aim\u00e9 \u00eatre une araign\u00e9e de mer, c\u00f4toyer les tourteaux, les poulpes et les homards&#8230;<\/p>\n","protected":false},"author":2,"featured_media":1327,"comment_status":"closed","ping_status":"closed","sticky":false,"template":"","format":"standard","meta":{"footnotes":""},"categories":[26],"tags":[12],"class_list":["post-387","post","type-post","status-publish","format-standard","has-post-thumbnail","hentry","category-bestiaire-dessin-poesie","tag-dessin-animal"],"yoast_head":"<!-- This site is optimized with the Yoast SEO plugin v27.5 - https:\/\/yoast.com\/product\/yoast-seo-wordpress\/ -->\n<title>Une araign\u00e9e au plafond | Bestiaire po\u00e9tique illustr\u00e9<\/title>\n<meta name=\"description\" content=\"Le conte de l&#039;araign\u00e9e de grenier qui aurait aim\u00e9 \u00eatre une araign\u00e9e de mer, c\u00f4toyer les tourteaux, les poulpes et les homards.\" \/>\n<meta name=\"robots\" content=\"index, follow, max-snippet:-1, max-image-preview:large, max-video-preview:-1\" \/>\n<link rel=\"canonical\" href=\"https:\/\/pixleen.com\/blog-dessin\/araignee-au-plafond\/bestiaire-dessin-poesie\/\" \/>\n<meta property=\"og:locale\" content=\"fr_FR\" \/>\n<meta property=\"og:type\" content=\"article\" \/>\n<meta property=\"og:title\" content=\"Une araign\u00e9e au plafond\" \/>\n<meta property=\"og:description\" content=\"Le conte de l&#039;araign\u00e9e de grenier qui aurait aim\u00e9 \u00eatre une araign\u00e9e de mer, c\u00f4toyer les tourteaux, les poulpes et les homards.\" \/>\n<meta property=\"og:url\" content=\"https:\/\/pixleen.com\/blog-dessin\/araignee-au-plafond\/bestiaire-dessin-poesie\/\" \/>\n<meta property=\"og:site_name\" content=\"Blog de dessins, contes et po\u00e9sie\" \/>\n<meta property=\"article:published_time\" content=\"2020-04-23T09:11:00+00:00\" \/>\n<meta property=\"article:modified_time\" content=\"2025-12-10T08:29:53+00:00\" \/>\n<meta property=\"og:image\" content=\"https:\/\/pixleen.com\/blog-dessin\/wp-content\/uploads\/araignee.jpg\" \/>\n\t<meta property=\"og:image:width\" content=\"488\" \/>\n\t<meta property=\"og:image:height\" content=\"400\" \/>\n\t<meta property=\"og:image:type\" content=\"image\/jpeg\" \/>\n<meta name=\"author\" content=\"Jean-Marin Wibaux\" \/>\n<meta name=\"twitter:card\" content=\"summary_large_image\" \/>\n<meta name=\"twitter:title\" content=\"Une araign\u00e9e au plafond\" \/>\n<meta name=\"twitter:description\" content=\"Le conte de l&#039;araign\u00e9e de grenier qui aurait aim\u00e9 \u00eatre une araign\u00e9e de mer, c\u00f4toyer les tourteaux, les poulpes et les homards.\" \/>\n<meta name=\"twitter:image\" content=\"https:\/\/pixleen.com\/blog-dessin\/wp-content\/uploads\/araignee.jpg\" \/>\n<meta name=\"twitter:creator\" content=\"@~\" \/>\n<script type=\"application\/ld+json\" class=\"yoast-schema-graph\">{\"@context\":\"https:\\\/\\\/schema.org\",\"@graph\":[{\"@type\":\"Article\",\"@id\":\"https:\\\/\\\/pixleen.com\\\/blog-dessin\\\/araignee-au-plafond\\\/bestiaire-dessin-poesie\\\/#article\",\"isPartOf\":{\"@id\":\"https:\\\/\\\/pixleen.com\\\/blog-dessin\\\/araignee-au-plafond\\\/bestiaire-dessin-poesie\\\/\"},\"author\":{\"name\":\"Jean-Marin Wibaux\",\"@id\":\"https:\\\/\\\/pixleen.com\\\/blog-dessin\\\/#\\\/schema\\\/person\\\/537b0676ae499fc851f01e03afdd5140\"},\"headline\":\"Une araign\u00e9e au plafond\",\"datePublished\":\"2020-04-23T09:11:00+00:00\",\"dateModified\":\"2025-12-10T08:29:53+00:00\",\"mainEntityOfPage\":{\"@id\":\"https:\\\/\\\/pixleen.com\\\/blog-dessin\\\/araignee-au-plafond\\\/bestiaire-dessin-poesie\\\/\"},\"wordCount\":139,\"publisher\":{\"@id\":\"https:\\\/\\\/pixleen.com\\\/blog-dessin\\\/#\\\/schema\\\/person\\\/537b0676ae499fc851f01e03afdd5140\"},\"image\":{\"@id\":\"https:\\\/\\\/pixleen.com\\\/blog-dessin\\\/araignee-au-plafond\\\/bestiaire-dessin-poesie\\\/#primaryimage\"},\"thumbnailUrl\":\"https:\\\/\\\/pixleen.com\\\/blog-dessin\\\/wp-content\\\/uploads\\\/araignee.jpg\",\"keywords\":[\"Animal\"],\"articleSection\":[\"Recherches en zoologie peu appliqu\u00e9e\"],\"inLanguage\":\"fr-FR\"},{\"@type\":\"WebPage\",\"@id\":\"https:\\\/\\\/pixleen.com\\\/blog-dessin\\\/araignee-au-plafond\\\/bestiaire-dessin-poesie\\\/\",\"url\":\"https:\\\/\\\/pixleen.com\\\/blog-dessin\\\/araignee-au-plafond\\\/bestiaire-dessin-poesie\\\/\",\"name\":\"Une araign\u00e9e au plafond | Bestiaire po\u00e9tique illustr\u00e9\",\"isPartOf\":{\"@id\":\"https:\\\/\\\/pixleen.com\\\/blog-dessin\\\/#website\"},\"primaryImageOfPage\":{\"@id\":\"https:\\\/\\\/pixleen.com\\\/blog-dessin\\\/araignee-au-plafond\\\/bestiaire-dessin-poesie\\\/#primaryimage\"},\"image\":{\"@id\":\"https:\\\/\\\/pixleen.com\\\/blog-dessin\\\/araignee-au-plafond\\\/bestiaire-dessin-poesie\\\/#primaryimage\"},\"thumbnailUrl\":\"https:\\\/\\\/pixleen.com\\\/blog-dessin\\\/wp-content\\\/uploads\\\/araignee.jpg\",\"datePublished\":\"2020-04-23T09:11:00+00:00\",\"dateModified\":\"2025-12-10T08:29:53+00:00\",\"description\":\"Le conte de l'araign\u00e9e de grenier qui aurait aim\u00e9 \u00eatre une araign\u00e9e de mer, c\u00f4toyer les tourteaux, les poulpes et les homards.\",\"breadcrumb\":{\"@id\":\"https:\\\/\\\/pixleen.com\\\/blog-dessin\\\/araignee-au-plafond\\\/bestiaire-dessin-poesie\\\/#breadcrumb\"},\"inLanguage\":\"fr-FR\",\"potentialAction\":[{\"@type\":\"ReadAction\",\"target\":[\"https:\\\/\\\/pixleen.com\\\/blog-dessin\\\/araignee-au-plafond\\\/bestiaire-dessin-poesie\\\/\"]}]},{\"@type\":\"ImageObject\",\"inLanguage\":\"fr-FR\",\"@id\":\"https:\\\/\\\/pixleen.com\\\/blog-dessin\\\/araignee-au-plafond\\\/bestiaire-dessin-poesie\\\/#primaryimage\",\"url\":\"https:\\\/\\\/pixleen.com\\\/blog-dessin\\\/wp-content\\\/uploads\\\/araignee.jpg\",\"contentUrl\":\"https:\\\/\\\/pixleen.com\\\/blog-dessin\\\/wp-content\\\/uploads\\\/araignee.jpg\",\"width\":488,\"height\":400,\"caption\":\"Araign\u00e9e\"},{\"@type\":\"BreadcrumbList\",\"@id\":\"https:\\\/\\\/pixleen.com\\\/blog-dessin\\\/araignee-au-plafond\\\/bestiaire-dessin-poesie\\\/#breadcrumb\",\"itemListElement\":[{\"@type\":\"ListItem\",\"position\":1,\"name\":\"Accueil\",\"item\":\"https:\\\/\\\/pixleen.com\\\/blog-dessin\\\/\"},{\"@type\":\"ListItem\",\"position\":2,\"name\":\"Une araign\u00e9e au plafond\"}]},{\"@type\":\"WebSite\",\"@id\":\"https:\\\/\\\/pixleen.com\\\/blog-dessin\\\/#website\",\"url\":\"https:\\\/\\\/pixleen.com\\\/blog-dessin\\\/\",\"name\":\"Blog de dessins, contes et po\u00e9sie\",\"description\":\"Une balade po\u00e9tique entre mots et dessins\",\"publisher\":{\"@id\":\"https:\\\/\\\/pixleen.com\\\/blog-dessin\\\/#\\\/schema\\\/person\\\/537b0676ae499fc851f01e03afdd5140\"},\"alternateName\":\"Po\u00e9sie farfelue\",\"potentialAction\":[{\"@type\":\"SearchAction\",\"target\":{\"@type\":\"EntryPoint\",\"urlTemplate\":\"https:\\\/\\\/pixleen.com\\\/blog-dessin\\\/?s={search_term_string}\"},\"query-input\":{\"@type\":\"PropertyValueSpecification\",\"valueRequired\":true,\"valueName\":\"search_term_string\"}}],\"inLanguage\":\"fr-FR\"},{\"@type\":[\"Person\",\"Organization\"],\"@id\":\"https:\\\/\\\/pixleen.com\\\/blog-dessin\\\/#\\\/schema\\\/person\\\/537b0676ae499fc851f01e03afdd5140\",\"name\":\"Jean-Marin Wibaux\",\"image\":{\"@type\":\"ImageObject\",\"inLanguage\":\"fr-FR\",\"@id\":\"https:\\\/\\\/pixleen.com\\\/blog-dessin\\\/wp-content\\\/uploads\\\/logo-ty-pouets-blog.jpg\",\"url\":\"https:\\\/\\\/pixleen.com\\\/blog-dessin\\\/wp-content\\\/uploads\\\/logo-ty-pouets-blog.jpg\",\"contentUrl\":\"https:\\\/\\\/pixleen.com\\\/blog-dessin\\\/wp-content\\\/uploads\\\/logo-ty-pouets-blog.jpg\",\"width\":248,\"height\":248,\"caption\":\"Jean-Marin Wibaux\"},\"logo\":{\"@id\":\"https:\\\/\\\/pixleen.com\\\/blog-dessin\\\/wp-content\\\/uploads\\\/logo-ty-pouets-blog.jpg\"},\"sameAs\":[\"https:\\\/\\\/www.instagram.com\\\/pixleen\\\/\",\"https:\\\/\\\/fr.pinterest.com\\\/pixelenvrac\\\/\",\"https:\\\/\\\/x.com\\\/~\"]}]}<\/script>\n<!-- \/ Yoast SEO plugin. -->","yoast_head_json":{"title":"Une araign\u00e9e au plafond | Bestiaire po\u00e9tique illustr\u00e9","description":"Le conte de l'araign\u00e9e de grenier qui aurait aim\u00e9 \u00eatre une araign\u00e9e de mer, c\u00f4toyer les tourteaux, les poulpes et les homards.","robots":{"index":"index","follow":"follow","max-snippet":"max-snippet:-1","max-image-preview":"max-image-preview:large","max-video-preview":"max-video-preview:-1"},"canonical":"https:\/\/pixleen.com\/blog-dessin\/araignee-au-plafond\/bestiaire-dessin-poesie\/","og_locale":"fr_FR","og_type":"article","og_title":"Une araign\u00e9e au plafond","og_description":"Le conte de l'araign\u00e9e de grenier qui aurait aim\u00e9 \u00eatre une araign\u00e9e de mer, c\u00f4toyer les tourteaux, les poulpes et les homards.","og_url":"https:\/\/pixleen.com\/blog-dessin\/araignee-au-plafond\/bestiaire-dessin-poesie\/","og_site_name":"Blog de dessins, contes et po\u00e9sie","article_published_time":"2020-04-23T09:11:00+00:00","article_modified_time":"2025-12-10T08:29:53+00:00","og_image":[{"width":488,"height":400,"url":"https:\/\/pixleen.com\/blog-dessin\/wp-content\/uploads\/araignee.jpg","type":"image\/jpeg"}],"author":"Jean-Marin Wibaux","twitter_card":"summary_large_image","twitter_title":"Une araign\u00e9e au plafond","twitter_description":"Le conte de l'araign\u00e9e de grenier qui aurait aim\u00e9 \u00eatre une araign\u00e9e de mer, c\u00f4toyer les tourteaux, les poulpes et les homards.","twitter_image":"https:\/\/pixleen.com\/blog-dessin\/wp-content\/uploads\/araignee.jpg","twitter_creator":"@~","schema":{"@context":"https:\/\/schema.org","@graph":[{"@type":"Article","@id":"https:\/\/pixleen.com\/blog-dessin\/araignee-au-plafond\/bestiaire-dessin-poesie\/#article","isPartOf":{"@id":"https:\/\/pixleen.com\/blog-dessin\/araignee-au-plafond\/bestiaire-dessin-poesie\/"},"author":{"name":"Jean-Marin Wibaux","@id":"https:\/\/pixleen.com\/blog-dessin\/#\/schema\/person\/537b0676ae499fc851f01e03afdd5140"},"headline":"Une araign\u00e9e au plafond","datePublished":"2020-04-23T09:11:00+00:00","dateModified":"2025-12-10T08:29:53+00:00","mainEntityOfPage":{"@id":"https:\/\/pixleen.com\/blog-dessin\/araignee-au-plafond\/bestiaire-dessin-poesie\/"},"wordCount":139,"publisher":{"@id":"https:\/\/pixleen.com\/blog-dessin\/#\/schema\/person\/537b0676ae499fc851f01e03afdd5140"},"image":{"@id":"https:\/\/pixleen.com\/blog-dessin\/araignee-au-plafond\/bestiaire-dessin-poesie\/#primaryimage"},"thumbnailUrl":"https:\/\/pixleen.com\/blog-dessin\/wp-content\/uploads\/araignee.jpg","keywords":["Animal"],"articleSection":["Recherches en zoologie peu appliqu\u00e9e"],"inLanguage":"fr-FR"},{"@type":"WebPage","@id":"https:\/\/pixleen.com\/blog-dessin\/araignee-au-plafond\/bestiaire-dessin-poesie\/","url":"https:\/\/pixleen.com\/blog-dessin\/araignee-au-plafond\/bestiaire-dessin-poesie\/","name":"Une araign\u00e9e au plafond | Bestiaire po\u00e9tique illustr\u00e9","isPartOf":{"@id":"https:\/\/pixleen.com\/blog-dessin\/#website"},"primaryImageOfPage":{"@id":"https:\/\/pixleen.com\/blog-dessin\/araignee-au-plafond\/bestiaire-dessin-poesie\/#primaryimage"},"image":{"@id":"https:\/\/pixleen.com\/blog-dessin\/araignee-au-plafond\/bestiaire-dessin-poesie\/#primaryimage"},"thumbnailUrl":"https:\/\/pixleen.com\/blog-dessin\/wp-content\/uploads\/araignee.jpg","datePublished":"2020-04-23T09:11:00+00:00","dateModified":"2025-12-10T08:29:53+00:00","description":"Le conte de l'araign\u00e9e de grenier qui aurait aim\u00e9 \u00eatre une araign\u00e9e de mer, c\u00f4toyer les tourteaux, les poulpes et les homards.","breadcrumb":{"@id":"https:\/\/pixleen.com\/blog-dessin\/araignee-au-plafond\/bestiaire-dessin-poesie\/#breadcrumb"},"inLanguage":"fr-FR","potentialAction":[{"@type":"ReadAction","target":["https:\/\/pixleen.com\/blog-dessin\/araignee-au-plafond\/bestiaire-dessin-poesie\/"]}]},{"@type":"ImageObject","inLanguage":"fr-FR","@id":"https:\/\/pixleen.com\/blog-dessin\/araignee-au-plafond\/bestiaire-dessin-poesie\/#primaryimage","url":"https:\/\/pixleen.com\/blog-dessin\/wp-content\/uploads\/araignee.jpg","contentUrl":"https:\/\/pixleen.com\/blog-dessin\/wp-content\/uploads\/araignee.jpg","width":488,"height":400,"caption":"Araign\u00e9e"},{"@type":"BreadcrumbList","@id":"https:\/\/pixleen.com\/blog-dessin\/araignee-au-plafond\/bestiaire-dessin-poesie\/#breadcrumb","itemListElement":[{"@type":"ListItem","position":1,"name":"Accueil","item":"https:\/\/pixleen.com\/blog-dessin\/"},{"@type":"ListItem","position":2,"name":"Une araign\u00e9e au plafond"}]},{"@type":"WebSite","@id":"https:\/\/pixleen.com\/blog-dessin\/#website","url":"https:\/\/pixleen.com\/blog-dessin\/","name":"Blog de dessins, contes et po\u00e9sie","description":"Une balade po\u00e9tique entre mots et dessins","publisher":{"@id":"https:\/\/pixleen.com\/blog-dessin\/#\/schema\/person\/537b0676ae499fc851f01e03afdd5140"},"alternateName":"Po\u00e9sie farfelue","potentialAction":[{"@type":"SearchAction","target":{"@type":"EntryPoint","urlTemplate":"https:\/\/pixleen.com\/blog-dessin\/?s={search_term_string}"},"query-input":{"@type":"PropertyValueSpecification","valueRequired":true,"valueName":"search_term_string"}}],"inLanguage":"fr-FR"},{"@type":["Person","Organization"],"@id":"https:\/\/pixleen.com\/blog-dessin\/#\/schema\/person\/537b0676ae499fc851f01e03afdd5140","name":"Jean-Marin Wibaux","image":{"@type":"ImageObject","inLanguage":"fr-FR","@id":"https:\/\/pixleen.com\/blog-dessin\/wp-content\/uploads\/logo-ty-pouets-blog.jpg","url":"https:\/\/pixleen.com\/blog-dessin\/wp-content\/uploads\/logo-ty-pouets-blog.jpg","contentUrl":"https:\/\/pixleen.com\/blog-dessin\/wp-content\/uploads\/logo-ty-pouets-blog.jpg","width":248,"height":248,"caption":"Jean-Marin Wibaux"},"logo":{"@id":"https:\/\/pixleen.com\/blog-dessin\/wp-content\/uploads\/logo-ty-pouets-blog.jpg"},"sameAs":["https:\/\/www.instagram.com\/pixleen\/","https:\/\/fr.pinterest.com\/pixelenvrac\/","https:\/\/x.com\/~"]}]}},"_links":{"self":[{"href":"https:\/\/pixleen.com\/blog-dessin\/wp-json\/wp\/v2\/posts\/387","targetHints":{"allow":["GET"]}}],"collection":[{"href":"https:\/\/pixleen.com\/blog-dessin\/wp-json\/wp\/v2\/posts"}],"about":[{"href":"https:\/\/pixleen.com\/blog-dessin\/wp-json\/wp\/v2\/types\/post"}],"author":[{"embeddable":true,"href":"https:\/\/pixleen.com\/blog-dessin\/wp-json\/wp\/v2\/users\/2"}],"replies":[{"embeddable":true,"href":"https:\/\/pixleen.com\/blog-dessin\/wp-json\/wp\/v2\/comments?post=387"}],"version-history":[{"count":3,"href":"https:\/\/pixleen.com\/blog-dessin\/wp-json\/wp\/v2\/posts\/387\/revisions"}],"predecessor-version":[{"id":2213,"href":"https:\/\/pixleen.com\/blog-dessin\/wp-json\/wp\/v2\/posts\/387\/revisions\/2213"}],"wp:featuredmedia":[{"embeddable":true,"href":"https:\/\/pixleen.com\/blog-dessin\/wp-json\/wp\/v2\/media\/1327"}],"wp:attachment":[{"href":"https:\/\/pixleen.com\/blog-dessin\/wp-json\/wp\/v2\/media?parent=387"}],"wp:term":[{"taxonomy":"category","embeddable":true,"href":"https:\/\/pixleen.com\/blog-dessin\/wp-json\/wp\/v2\/categories?post=387"},{"taxonomy":"post_tag","embeddable":true,"href":"https:\/\/pixleen.com\/blog-dessin\/wp-json\/wp\/v2\/tags?post=387"}],"curies":[{"name":"wp","href":"https:\/\/api.w.org\/{rel}","templated":true}]}}